{"id":3883,"date":"2022-04-27T14:32:32","date_gmt":"2022-04-27T14:32:32","guid":{"rendered":"https:\/\/www.economicaccelerator.pl\/?p=3883"},"modified":"2022-04-27T14:32:33","modified_gmt":"2022-04-27T14:32:33","slug":"economic-accelerator-at-the-vii-european-congress-of-local-governments-in-mikolajki","status":"publish","type":"post","link":"https:\/\/www.economicaccelerator.pl\/en\/economic-accelerator-at-the-vii-european-congress-of-local-governments-in-mikolajki\/","title":{"rendered":"Economic Accelerator at the VII European Congress of Local Governments in Miko\u0142ajki!"},"content":{"rendered":"<p><strong>As part of the Ma\u0142opolska Innovation Rocket project, 12 innovative companies from Ma\u0142opolska will take part in the 7th European Congress of Local Governments.<\/strong><\/p>\n\n\n\n<figure class=\"wp-block-image size-full\"><noscript><img decoding=\"async\" width=\"1000\" height=\"500\" src=\"https:\/\/www.economicaccelerator.pl\/wp-content\/uploads\/2022\/03\/fe_news_8.png\" alt class=\"wp-image-3604\" srcset=\"https:\/\/www.economicaccelerator.pl\/wp-content\/uploads\/2022\/03\/fe_news_8.png 1000w, https:\/\/www.economicaccelerator.pl\/wp-content\/uploads\/2022\/03\/fe_news_8-300x150.png 300w, https:\/\/www.economicaccelerator.pl\/wp-content\/uploads\/2022\/03\/fe_news_8-768x384.png 768w, https:\/\/www.economicaccelerator.pl\/wp-content\/uploads\/2022\/03\/fe_news_8-140x70.png 140w\" sizes=\"(max-width: 1000px) 100vw, 1000px\"><\/noscript><img decoding=\"async\" width=\"1000\" height=\"500\" src=\"data:image\/svg+xml,%3Csvg%20xmlns%3D%22http%3A%2F%2Fwww.w3.org%2F2000%2Fsvg%22%20viewBox%3D%220%200%201000%20500%22%3E%3C%2Fsvg%3E\" alt class=\"wp-image-3604 lazyload\" srcset=\"data:image\/svg+xml,%3Csvg%20xmlns%3D%22http%3A%2F%2Fwww.w3.org%2F2000%2Fsvg%22%20viewBox%3D%220%200%201000%20500%22%3E%3C%2Fsvg%3E 1000w\" sizes=\"(max-width: 1000px) 100vw, 1000px\" data-srcset=\"https:\/\/www.economicaccelerator.pl\/wp-content\/uploads\/2022\/03\/fe_news_8.png 1000w, https:\/\/www.economicaccelerator.pl\/wp-content\/uploads\/2022\/03\/fe_news_8-300x150.png 300w, https:\/\/www.economicaccelerator.pl\/wp-content\/uploads\/2022\/03\/fe_news_8-768x384.png 768w, https:\/\/www.economicaccelerator.pl\/wp-content\/uploads\/2022\/03\/fe_news_8-140x70.png 140w\" data-src=\"https:\/\/www.economicaccelerator.pl\/wp-content\/uploads\/2022\/03\/fe_news_8.png\"><\/figure>\n\n\n\n<p>The 7th European Congress of Local Governments will be held on April 11-12, 2022 in Miko\u0142ajki at the Go\u0142\u0119biewski Hotel. The congress, organized by the Institute for Eastern Studies, refers in its formula to the Economic Forum in Karpacz. This year&#8217;s Congress will be held under the slogan &#8220;Building the community of the future&#8221;.<\/p>\n\n\n\n<p>The cooperation of European cities and regions on the economic and social levels has a significant impact on the politics and economy of our continent. The 7th European Congress of Local Governments is a platform for the exchange of views and a meeting place for local government leaders, regional elites and representatives of state administration, non-governmental organizations and business.<\/p>\n\n\n\n<p>The organizers assume the participation of over 1500 guests &#8211; local government leaders and regional elites, representatives of state administration, the world of business, culture, NGOs, media from Central and Eastern Europe.<\/p>\n\n\n\n<p>In this year&#8217;s edition, we offer you a program that will consist of ten thematic paths covering over 110 events: program blocks, reports, discussion panels, workshops, lectures, presentations. We are also planning a gala at which we will award the winners &#8211; the stewards of the best Polish communes.<\/p>\n\n\n\n<p>As part of the Ma\u0142opolska Innovation Rocket project, 12 companies from Ma\u0142opolska will take part in the congress (presentations have been planned).<\/p>\n\n\n\n<p>The VII European Congress of Local Governments will be held:<br>April 11-12, 2022<br>Hotel Go\u0142\u0119biewski, Mr\u0105gowska 34, Miko\u0142ajki<\/p>\n\n\n\n<figure class=\"wp-block-image size-full\"><noscript><img decoding=\"async\" width=\"1024\" height=\"90\" src=\"https:\/\/www.economicaccelerator.pl\/wp-content\/uploads\/2022\/03\/EFRR_kolor-300dpi-2-1024x90-1-2-3-2.jpg\" alt class=\"wp-image-3571\" srcset=\"https:\/\/www.economicaccelerator.pl\/wp-content\/uploads\/2022\/03\/EFRR_kolor-300dpi-2-1024x90-1-2-3-2.jpg 1024w, https:\/\/www.economicaccelerator.pl\/wp-content\/uploads\/2022\/03\/EFRR_kolor-300dpi-2-1024x90-1-2-3-2-300x26.jpg 300w, https:\/\/www.economicaccelerator.pl\/wp-content\/uploads\/2022\/03\/EFRR_kolor-300dpi-2-1024x90-1-2-3-2-768x68.jpg 768w, https:\/\/www.economicaccelerator.pl\/wp-content\/uploads\/2022\/03\/EFRR_kolor-300dpi-2-1024x90-1-2-3-2-140x12.jpg 140w\" sizes=\"(max-width: 1024px) 100vw, 1024px\"><\/noscript><img decoding=\"async\" width=\"1024\" height=\"90\" src=\"data:image\/svg+xml,%3Csvg%20xmlns%3D%22http%3A%2F%2Fwww.w3.org%2F2000%2Fsvg%22%20viewBox%3D%220%200%201024%2090%22%3E%3C%2Fsvg%3E\" alt class=\"wp-image-3571 lazyload\" srcset=\"data:image\/svg+xml,%3Csvg%20xmlns%3D%22http%3A%2F%2Fwww.w3.org%2F2000%2Fsvg%22%20viewBox%3D%220%200%201024%2090%22%3E%3C%2Fsvg%3E 1024w\" sizes=\"(max-width: 1024px) 100vw, 1024px\" data-srcset=\"https:\/\/www.economicaccelerator.pl\/wp-content\/uploads\/2022\/03\/EFRR_kolor-300dpi-2-1024x90-1-2-3-2.jpg 1024w, https:\/\/www.economicaccelerator.pl\/wp-content\/uploads\/2022\/03\/EFRR_kolor-300dpi-2-1024x90-1-2-3-2-300x26.jpg 300w, https:\/\/www.economicaccelerator.pl\/wp-content\/uploads\/2022\/03\/EFRR_kolor-300dpi-2-1024x90-1-2-3-2-768x68.jpg 768w, https:\/\/www.economicaccelerator.pl\/wp-content\/uploads\/2022\/03\/EFRR_kolor-300dpi-2-1024x90-1-2-3-2-140x12.jpg 140w\" data-src=\"https:\/\/www.economicaccelerator.pl\/wp-content\/uploads\/2022\/03\/EFRR_kolor-300dpi-2-1024x90-1-2-3-2.jpg\"><\/figure>\n","protected":false},"excerpt":{"rendered":"<p>As part of the Ma\u0142opolska Innovation Rocket project, 12 innovative companies from Ma\u0142opolska will take part in the 7th European Congress of Local Governments. The 7th European Congress of Local Governments will be held on April 11-12, 2022 in Miko\u0142ajki at the Go\u0142\u0119biewski Hotel. The congress, organized by the Institute for Eastern Studies, refers in [&hellip;]<\/p>\n","protected":false},"author":5,"featured_media":3604,"comment_status":"open","ping_status":"open","sticky":false,"template":"","format":"standard","meta":{"footnotes":""},"categories":[52],"tags":[],"class_list":["post-3883","post","type-post","status-publish","format-standard","has-post-thumbnail","hentry","category-malopolska-innovation-rocket-en"],"yoast_head":"<!-- This site is optimized with the Yoast SEO plugin v17.8 - https:\/\/yoast.com\/wordpress\/plugins\/seo\/ -->\n<title>Economic Accelerator at the VII European Congress of Local Governments in Miko\u0142ajki! - Economic Accelerator<\/title>\n<meta name=\"robots\" content=\"index, follow, max-snippet:-1, max-image-preview:large, max-video-preview:-1\" \/>\n<link rel=\"canonical\" href=\"https:\/\/www.economicaccelerator.pl\/en\/economic-accelerator-at-the-vii-european-congress-of-local-governments-in-mikolajki\/\" \/>\n<meta property=\"og:locale\" content=\"en_US\" \/>\n<meta property=\"og:type\" content=\"article\" \/>\n<meta property=\"og:title\" content=\"Economic Accelerator at the VII European Congress of Local Governments in Miko\u0142ajki! - Economic Accelerator\" \/>\n<meta property=\"og:description\" content=\"As part of the Ma\u0142opolska Innovation Rocket project, 12 innovative companies from Ma\u0142opolska will take part in the 7th European Congress of Local Governments. The 7th European Congress of Local Governments will be held on April 11-12, 2022 in Miko\u0142ajki at the Go\u0142\u0119biewski Hotel. The congress, organized by the Institute for Eastern Studies, refers in [&hellip;]\" \/>\n<meta property=\"og:url\" content=\"https:\/\/www.economicaccelerator.pl\/en\/economic-accelerator-at-the-vii-european-congress-of-local-governments-in-mikolajki\/\" \/>\n<meta property=\"og:site_name\" content=\"Economic Accelerator\" \/>\n<meta property=\"article:publisher\" content=\"https:\/\/www.facebook.com\/ForumEkonomiczne\" \/>\n<meta property=\"article:published_time\" content=\"2022-04-27T14:32:32+00:00\" \/>\n<meta property=\"article:modified_time\" content=\"2022-04-27T14:32:33+00:00\" \/>\n<meta property=\"og:image\" content=\"https:\/\/www.economicaccelerator.pl\/wp-content\/uploads\/2022\/03\/fe_news_8.png\" \/>\n\t<meta property=\"og:image:width\" content=\"1000\" \/>\n\t<meta property=\"og:image:height\" content=\"500\" \/>\n<meta name=\"twitter:card\" content=\"summary_large_image\" \/>\n<meta name=\"twitter:creator\" content=\"@Economic_Forum_\" \/>\n<meta name=\"twitter:site\" content=\"@Economic_Forum_\" \/>\n<meta name=\"twitter:label1\" content=\"Written by\" \/>\n\t<meta name=\"twitter:data1\" content=\"Ola Piw\" \/>\n\t<meta name=\"twitter:label2\" content=\"Est. reading time\" \/>\n\t<meta name=\"twitter:data2\" content=\"2 minutes\" \/>\n<script type=\"application\/ld+json\" class=\"yoast-schema-graph\">{\"@context\":\"https:\/\/schema.org\",\"@graph\":[{\"@type\":\"WebSite\",\"@id\":\"https:\/\/www.economicaccelerator.pl\/en\/#website\",\"url\":\"https:\/\/www.economicaccelerator.pl\/en\/\",\"name\":\"Economic Accelerator\",\"description\":\"\",\"potentialAction\":[{\"@type\":\"SearchAction\",\"target\":{\"@type\":\"EntryPoint\",\"urlTemplate\":\"https:\/\/www.economicaccelerator.pl\/en\/?s={search_term_string}\"},\"query-input\":\"required name=search_term_string\"}],\"inLanguage\":\"en-US\"},{\"@type\":\"ImageObject\",\"@id\":\"https:\/\/www.economicaccelerator.pl\/en\/economic-accelerator-at-the-vii-european-congress-of-local-governments-in-mikolajki\/#primaryimage\",\"inLanguage\":\"en-US\",\"url\":\"https:\/\/www.economicaccelerator.pl\/wp-content\/uploads\/2022\/03\/fe_news_8.png\",\"contentUrl\":\"https:\/\/www.economicaccelerator.pl\/wp-content\/uploads\/2022\/03\/fe_news_8.png\",\"width\":1000,\"height\":500},{\"@type\":\"WebPage\",\"@id\":\"https:\/\/www.economicaccelerator.pl\/en\/economic-accelerator-at-the-vii-european-congress-of-local-governments-in-mikolajki\/#webpage\",\"url\":\"https:\/\/www.economicaccelerator.pl\/en\/economic-accelerator-at-the-vii-european-congress-of-local-governments-in-mikolajki\/\",\"name\":\"Economic Accelerator at the VII European Congress of Local Governments in Miko\\u0142ajki! - Economic Accelerator\",\"isPartOf\":{\"@id\":\"https:\/\/www.economicaccelerator.pl\/en\/#website\"},\"primaryImageOfPage\":{\"@id\":\"https:\/\/www.economicaccelerator.pl\/en\/economic-accelerator-at-the-vii-european-congress-of-local-governments-in-mikolajki\/#primaryimage\"},\"datePublished\":\"2022-04-27T14:32:32+00:00\",\"dateModified\":\"2022-04-27T14:32:33+00:00\",\"author\":{\"@id\":\"https:\/\/www.economicaccelerator.pl\/en\/#\/schema\/person\/17078afeaf8118e394e1af524e7dd0e2\"},\"breadcrumb\":{\"@id\":\"https:\/\/www.economicaccelerator.pl\/en\/economic-accelerator-at-the-vii-european-congress-of-local-governments-in-mikolajki\/#breadcrumb\"},\"inLanguage\":\"en-US\",\"potentialAction\":[{\"@type\":\"ReadAction\",\"target\":[\"https:\/\/www.economicaccelerator.pl\/en\/economic-accelerator-at-the-vii-european-congress-of-local-governments-in-mikolajki\/\"]}]},{\"@type\":\"BreadcrumbList\",\"@id\":\"https:\/\/www.economicaccelerator.pl\/en\/economic-accelerator-at-the-vii-european-congress-of-local-governments-in-mikolajki\/#breadcrumb\",\"itemListElement\":[{\"@type\":\"ListItem\",\"position\":1,\"name\":\"Home\",\"item\":\"https:\/\/www.economicaccelerator.pl\/en\/\"},{\"@type\":\"ListItem\",\"position\":2,\"name\":\"Economic Accelerator at the VII European Congress of Local Governments in Miko\\u0142ajki!\"}]},{\"@type\":\"Person\",\"@id\":\"https:\/\/www.economicaccelerator.pl\/en\/#\/schema\/person\/17078afeaf8118e394e1af524e7dd0e2\",\"name\":\"Ola Piw\",\"image\":{\"@type\":\"ImageObject\",\"@id\":\"https:\/\/www.economicaccelerator.pl\/en\/#personlogo\",\"inLanguage\":\"en-US\",\"url\":\"https:\/\/secure.gravatar.com\/avatar\/7cc43cebda56784b0ace876eaf617b80fded1e43a293f1def52267d1577cdd67?s=96&d=mm&r=g\",\"contentUrl\":\"https:\/\/secure.gravatar.com\/avatar\/7cc43cebda56784b0ace876eaf617b80fded1e43a293f1def52267d1577cdd67?s=96&d=mm&r=g\",\"caption\":\"Ola Piw\"},\"url\":\"https:\/\/www.economicaccelerator.pl\/en\/author\/olapiwowarczyk9o2-pl\/\"}]}<\/script>\n<!-- \/ Yoast SEO plugin. -->","yoast_head_json":{"title":"Economic Accelerator at the VII European Congress of Local Governments in Miko\u0142ajki! - Economic Accelerator","robots":{"index":"index","follow":"follow","max-snippet":"max-snippet:-1","max-image-preview":"max-image-preview:large","max-video-preview":"max-video-preview:-1"},"canonical":"https:\/\/www.economicaccelerator.pl\/en\/economic-accelerator-at-the-vii-european-congress-of-local-governments-in-mikolajki\/","og_locale":"en_US","og_type":"article","og_title":"Economic Accelerator at the VII European Congress of Local Governments in Miko\u0142ajki! - Economic Accelerator","og_description":"As part of the Ma\u0142opolska Innovation Rocket project, 12 innovative companies from Ma\u0142opolska will take part in the 7th European Congress of Local Governments. The 7th European Congress of Local Governments will be held on April 11-12, 2022 in Miko\u0142ajki at the Go\u0142\u0119biewski Hotel. The congress, organized by the Institute for Eastern Studies, refers in [&hellip;]","og_url":"https:\/\/www.economicaccelerator.pl\/en\/economic-accelerator-at-the-vii-european-congress-of-local-governments-in-mikolajki\/","og_site_name":"Economic Accelerator","article_publisher":"https:\/\/www.facebook.com\/ForumEkonomiczne","article_published_time":"2022-04-27T14:32:32+00:00","article_modified_time":"2022-04-27T14:32:33+00:00","og_image":[{"width":1000,"height":500,"url":"https:\/\/www.economicaccelerator.pl\/wp-content\/uploads\/2022\/03\/fe_news_8.png","type":"image\/png"}],"twitter_card":"summary_large_image","twitter_creator":"@Economic_Forum_","twitter_site":"@Economic_Forum_","twitter_misc":{"Written by":"Ola Piw","Est. reading time":"2 minutes"},"schema":{"@context":"https:\/\/schema.org","@graph":[{"@type":"WebSite","@id":"https:\/\/www.economicaccelerator.pl\/en\/#website","url":"https:\/\/www.economicaccelerator.pl\/en\/","name":"Economic Accelerator","description":"","potentialAction":[{"@type":"SearchAction","target":{"@type":"EntryPoint","urlTemplate":"https:\/\/www.economicaccelerator.pl\/en\/?s={search_term_string}"},"query-input":"required name=search_term_string"}],"inLanguage":"en-US"},{"@type":"ImageObject","@id":"https:\/\/www.economicaccelerator.pl\/en\/economic-accelerator-at-the-vii-european-congress-of-local-governments-in-mikolajki\/#primaryimage","inLanguage":"en-US","url":"https:\/\/www.economicaccelerator.pl\/wp-content\/uploads\/2022\/03\/fe_news_8.png","contentUrl":"https:\/\/www.economicaccelerator.pl\/wp-content\/uploads\/2022\/03\/fe_news_8.png","width":1000,"height":500},{"@type":"WebPage","@id":"https:\/\/www.economicaccelerator.pl\/en\/economic-accelerator-at-the-vii-european-congress-of-local-governments-in-mikolajki\/#webpage","url":"https:\/\/www.economicaccelerator.pl\/en\/economic-accelerator-at-the-vii-european-congress-of-local-governments-in-mikolajki\/","name":"Economic Accelerator at the VII European Congress of Local Governments in Miko\u0142ajki! - Economic Accelerator","isPartOf":{"@id":"https:\/\/www.economicaccelerator.pl\/en\/#website"},"primaryImageOfPage":{"@id":"https:\/\/www.economicaccelerator.pl\/en\/economic-accelerator-at-the-vii-european-congress-of-local-governments-in-mikolajki\/#primaryimage"},"datePublished":"2022-04-27T14:32:32+00:00","dateModified":"2022-04-27T14:32:33+00:00","author":{"@id":"https:\/\/www.economicaccelerator.pl\/en\/#\/schema\/person\/17078afeaf8118e394e1af524e7dd0e2"},"breadcrumb":{"@id":"https:\/\/www.economicaccelerator.pl\/en\/economic-accelerator-at-the-vii-european-congress-of-local-governments-in-mikolajki\/#breadcrumb"},"inLanguage":"en-US","potentialAction":[{"@type":"ReadAction","target":["https:\/\/www.economicaccelerator.pl\/en\/economic-accelerator-at-the-vii-european-congress-of-local-governments-in-mikolajki\/"]}]},{"@type":"BreadcrumbList","@id":"https:\/\/www.economicaccelerator.pl\/en\/economic-accelerator-at-the-vii-european-congress-of-local-governments-in-mikolajki\/#breadcrumb","itemListElement":[{"@type":"ListItem","position":1,"name":"Home","item":"https:\/\/www.economicaccelerator.pl\/en\/"},{"@type":"ListItem","position":2,"name":"Economic Accelerator at the VII European Congress of Local Governments in Miko\u0142ajki!"}]},{"@type":"Person","@id":"https:\/\/www.economicaccelerator.pl\/en\/#\/schema\/person\/17078afeaf8118e394e1af524e7dd0e2","name":"Ola Piw","image":{"@type":"ImageObject","@id":"https:\/\/www.economicaccelerator.pl\/en\/#personlogo","inLanguage":"en-US","url":"https:\/\/secure.gravatar.com\/avatar\/7cc43cebda56784b0ace876eaf617b80fded1e43a293f1def52267d1577cdd67?s=96&d=mm&r=g","contentUrl":"https:\/\/secure.gravatar.com\/avatar\/7cc43cebda56784b0ace876eaf617b80fded1e43a293f1def52267d1577cdd67?s=96&d=mm&r=g","caption":"Ola Piw"},"url":"https:\/\/www.economicaccelerator.pl\/en\/author\/olapiwowarczyk9o2-pl\/"}]}},"_links":{"self":[{"href":"https:\/\/www.economicaccelerator.pl\/en\/wp-json\/wp\/v2\/posts\/3883","targetHints":{"allow":["GET"]}}],"collection":[{"href":"https:\/\/www.economicaccelerator.pl\/en\/wp-json\/wp\/v2\/posts"}],"about":[{"href":"https:\/\/www.economicaccelerator.pl\/en\/wp-json\/wp\/v2\/types\/post"}],"author":[{"embeddable":true,"href":"https:\/\/www.economicaccelerator.pl\/en\/wp-json\/wp\/v2\/users\/5"}],"replies":[{"embeddable":true,"href":"https:\/\/www.economicaccelerator.pl\/en\/wp-json\/wp\/v2\/comments?post=3883"}],"version-history":[{"count":1,"href":"https:\/\/www.economicaccelerator.pl\/en\/wp-json\/wp\/v2\/posts\/3883\/revisions"}],"predecessor-version":[{"id":3885,"href":"https:\/\/www.economicaccelerator.pl\/en\/wp-json\/wp\/v2\/posts\/3883\/revisions\/3885"}],"wp:featuredmedia":[{"embeddable":true,"href":"https:\/\/www.economicaccelerator.pl\/en\/wp-json\/wp\/v2\/media\/3604"}],"wp:attachment":[{"href":"https:\/\/www.economicaccelerator.pl\/en\/wp-json\/wp\/v2\/media?parent=3883"}],"wp:term":[{"taxonomy":"category","embeddable":true,"href":"https:\/\/www.economicaccelerator.pl\/en\/wp-json\/wp\/v2\/categories?post=3883"},{"taxonomy":"post_tag","embeddable":true,"href":"https:\/\/www.economicaccelerator.pl\/en\/wp-json\/wp\/v2\/tags?post=3883"}],"curies":[{"name":"wp","href":"https:\/\/api.w.org\/{rel}","templated":true}]}}